{"id":307,"date":"2022-01-20T17:56:24","date_gmt":"2022-01-20T16:56:24","guid":{"rendered":"https:\/\/itoha.com\/blog\/?p=307"},"modified":"2022-01-20T17:56:25","modified_gmt":"2022-01-20T16:56:25","slug":"conges-du-22-janvier-au-14-fevrier","status":"publish","type":"post","link":"https:\/\/itoha.com\/blog\/conges-du-22-janvier-au-14-fevrier\/","title":{"rendered":"Cong\u00e9s du 22 janvier au 14 f\u00e9vrier"},"content":{"rendered":"\n<p>L&rsquo;\u00e9quipage Itoha sera en cong\u00e9s annuels du 22 Janvier au 14 F\u00e9vrier, notre site internet reste actif et n&rsquo;h\u00e9sitez pas \u00e0 le consulter ou \u00e0 commander pour une livraison \u00e0 partir de la semaine du 15 au 19 f\u00e9vrier. A tr\u00e8s vite.<\/p>\n<!-- AddThis Advanced Settings generic via filter on the_content --><!-- AddThis Share Buttons generic via filter on the_content -->","protected":false},"excerpt":{"rendered":"<p>L&rsquo;\u00e9quipage Itoha sera en cong\u00e9s annuels du 22 Janvier au 14 F\u00e9vrier, notre site internet reste actif et n&rsquo;h\u00e9sitez pas \u00e0 le consulter ou \u00e0 commander pour une livraison \u00e0 partir de la semaine du 15 au 19 f\u00e9vrier. A tr\u00e8s vite.<!-- AddThis Advanced Settings generic via filter on get_the_excerpt --><!-- AddThis Share Buttons generic via filter on get_the_excerpt --><\/p>\n","protected":false},"author":2,"featured_media":0,"comment_status":"open","ping_status":"open","sticky":false,"template":"","format":"standard","meta":{"footnotes":""},"categories":[1],"tags":[],"yoast_head":"<!-- This site is optimized with the Yoast SEO plugin v17.5 - https:\/\/yoast.com\/wordpress\/plugins\/seo\/ -->\n<title>Cong\u00e9s du 22 janvier au 14 f\u00e9vrier - Itoha \u2013 Cr\u00e9ateur de v\u00eatements en polaire de qualit\u00e9 en Bretagne. %<\/title>\n<meta name=\"description\" content=\"Fabricant de v\u00eatements en polaire de qualit\u00e9 install\u00e9 en Bretagne \u00e0 Dinan et Saint Malo.\" \/>\n<meta name=\"robots\" content=\"index, follow, max-snippet:-1, max-image-preview:large, max-video-preview:-1\" \/>\n<link rel=\"canonical\" href=\"https:\/\/itoha.com\/blog\/conges-du-22-janvier-au-14-fevrier\/\" \/>\n<meta property=\"og:locale\" content=\"fr_FR\" \/>\n<meta property=\"og:type\" content=\"article\" \/>\n<meta property=\"og:title\" content=\"Cong\u00e9s du 22 janvier au 14 f\u00e9vrier - Itoha \u2013 Cr\u00e9ateur de v\u00eatements en polaire de qualit\u00e9 en Bretagne. %\" \/>\n<meta property=\"og:description\" content=\"Fabricant de v\u00eatements en polaire de qualit\u00e9 install\u00e9 en Bretagne \u00e0 Dinan et Saint Malo.\" \/>\n<meta property=\"og:url\" content=\"https:\/\/itoha.com\/blog\/conges-du-22-janvier-au-14-fevrier\/\" \/>\n<meta property=\"og:site_name\" content=\"Itoha \u2013 Cr\u00e9ateur de v\u00eatements en polaire de qualit\u00e9 en Bretagne.\" \/>\n<meta property=\"article:published_time\" content=\"2022-01-20T16:56:24+00:00\" \/>\n<meta property=\"article:modified_time\" content=\"2022-01-20T16:56:25+00:00\" \/>\n<meta name=\"twitter:card\" content=\"summary\" \/>\n<meta name=\"twitter:label1\" content=\"\u00c9crit par\" \/>\n\t<meta name=\"twitter:data1\" content=\"Dominique Jacoby\" \/>\n\t<meta name=\"twitter:label2\" content=\"Dur\u00e9e de lecture est.\" \/>\n\t<meta name=\"twitter:data2\" content=\"1 minute\" \/>\n<script type=\"application\/ld+json\" class=\"yoast-schema-graph\">{\"@context\":\"https:\/\/schema.org\",\"@graph\":[{\"@type\":\"WebSite\",\"@id\":\"https:\/\/itoha.com\/blog\/#website\",\"url\":\"https:\/\/itoha.com\/blog\/\",\"name\":\"Itoha \\u2013 Cr\\u00e9ateur de v\\u00eatements en polaire de qualit\\u00e9 en Bretagne.\",\"description\":\"Retrouvez toutes les actualit\\u00e9s du Magasin Itoha.\",\"potentialAction\":[{\"@type\":\"SearchAction\",\"target\":{\"@type\":\"EntryPoint\",\"urlTemplate\":\"https:\/\/itoha.com\/blog\/?s={search_term_string}\"},\"query-input\":\"required name=search_term_string\"}],\"inLanguage\":\"fr-FR\"},{\"@type\":\"WebPage\",\"@id\":\"https:\/\/itoha.com\/blog\/conges-du-22-janvier-au-14-fevrier\/#webpage\",\"url\":\"https:\/\/itoha.com\/blog\/conges-du-22-janvier-au-14-fevrier\/\",\"name\":\"Cong\\u00e9s du 22 janvier au 14 f\\u00e9vrier - Itoha \\u2013 Cr\\u00e9ateur de v\\u00eatements en polaire de qualit\\u00e9 en Bretagne. %\",\"isPartOf\":{\"@id\":\"https:\/\/itoha.com\/blog\/#website\"},\"datePublished\":\"2022-01-20T16:56:24+00:00\",\"dateModified\":\"2022-01-20T16:56:25+00:00\",\"author\":{\"@id\":\"https:\/\/itoha.com\/blog\/#\/schema\/person\/b03a62d304311753aaf301564868bae6\"},\"description\":\"Fabricant de v\\u00eatements en polaire de qualit\\u00e9 install\\u00e9 en Bretagne \\u00e0 Dinan et Saint Malo.\",\"breadcrumb\":{\"@id\":\"https:\/\/itoha.com\/blog\/conges-du-22-janvier-au-14-fevrier\/#breadcrumb\"},\"inLanguage\":\"fr-FR\",\"potentialAction\":[{\"@type\":\"ReadAction\",\"target\":[\"https:\/\/itoha.com\/blog\/conges-du-22-janvier-au-14-fevrier\/\"]}]},{\"@type\":\"BreadcrumbList\",\"@id\":\"https:\/\/itoha.com\/blog\/conges-du-22-janvier-au-14-fevrier\/#breadcrumb\",\"itemListElement\":[{\"@type\":\"ListItem\",\"position\":1,\"name\":\"Accueil\",\"item\":\"https:\/\/itoha.com\/blog\/\"},{\"@type\":\"ListItem\",\"position\":2,\"name\":\"Cong\\u00e9s du 22 janvier au 14 f\\u00e9vrier\"}]},{\"@type\":\"Person\",\"@id\":\"https:\/\/itoha.com\/blog\/#\/schema\/person\/b03a62d304311753aaf301564868bae6\",\"name\":\"Dominique Jacoby\",\"image\":{\"@type\":\"ImageObject\",\"@id\":\"https:\/\/itoha.com\/blog\/#personlogo\",\"inLanguage\":\"fr-FR\",\"url\":\"https:\/\/secure.gravatar.com\/avatar\/dcbc09731e4a97a4c9bc7d93c9172000?s=96&d=mm&r=g\",\"contentUrl\":\"https:\/\/secure.gravatar.com\/avatar\/dcbc09731e4a97a4c9bc7d93c9172000?s=96&d=mm&r=g\",\"caption\":\"Dominique Jacoby\"},\"url\":\"https:\/\/itoha.com\/blog\/author\/itoha\/\"}]}<\/script>\n<!-- \/ Yoast SEO plugin. -->","yoast_head_json":{"title":"Cong\u00e9s du 22 janvier au 14 f\u00e9vrier - Itoha \u2013 Cr\u00e9ateur de v\u00eatements en polaire de qualit\u00e9 en Bretagne. %","description":"Fabricant de v\u00eatements en polaire de qualit\u00e9 install\u00e9 en Bretagne \u00e0 Dinan et Saint Malo.","robots":{"index":"index","follow":"follow","max-snippet":"max-snippet:-1","max-image-preview":"max-image-preview:large","max-video-preview":"max-video-preview:-1"},"canonical":"https:\/\/itoha.com\/blog\/conges-du-22-janvier-au-14-fevrier\/","og_locale":"fr_FR","og_type":"article","og_title":"Cong\u00e9s du 22 janvier au 14 f\u00e9vrier - Itoha \u2013 Cr\u00e9ateur de v\u00eatements en polaire de qualit\u00e9 en Bretagne. %","og_description":"Fabricant de v\u00eatements en polaire de qualit\u00e9 install\u00e9 en Bretagne \u00e0 Dinan et Saint Malo.","og_url":"https:\/\/itoha.com\/blog\/conges-du-22-janvier-au-14-fevrier\/","og_site_name":"Itoha \u2013 Cr\u00e9ateur de v\u00eatements en polaire de qualit\u00e9 en Bretagne.","article_published_time":"2022-01-20T16:56:24+00:00","article_modified_time":"2022-01-20T16:56:25+00:00","twitter_card":"summary","twitter_misc":{"\u00c9crit par":"Dominique Jacoby","Dur\u00e9e de lecture est.":"1 minute"},"schema":{"@context":"https:\/\/schema.org","@graph":[{"@type":"WebSite","@id":"https:\/\/itoha.com\/blog\/#website","url":"https:\/\/itoha.com\/blog\/","name":"Itoha \u2013 Cr\u00e9ateur de v\u00eatements en polaire de qualit\u00e9 en Bretagne.","description":"Retrouvez toutes les actualit\u00e9s du Magasin Itoha.","potentialAction":[{"@type":"SearchAction","target":{"@type":"EntryPoint","urlTemplate":"https:\/\/itoha.com\/blog\/?s={search_term_string}"},"query-input":"required name=search_term_string"}],"inLanguage":"fr-FR"},{"@type":"WebPage","@id":"https:\/\/itoha.com\/blog\/conges-du-22-janvier-au-14-fevrier\/#webpage","url":"https:\/\/itoha.com\/blog\/conges-du-22-janvier-au-14-fevrier\/","name":"Cong\u00e9s du 22 janvier au 14 f\u00e9vrier - Itoha \u2013 Cr\u00e9ateur de v\u00eatements en polaire de qualit\u00e9 en Bretagne. %","isPartOf":{"@id":"https:\/\/itoha.com\/blog\/#website"},"datePublished":"2022-01-20T16:56:24+00:00","dateModified":"2022-01-20T16:56:25+00:00","author":{"@id":"https:\/\/itoha.com\/blog\/#\/schema\/person\/b03a62d304311753aaf301564868bae6"},"description":"Fabricant de v\u00eatements en polaire de qualit\u00e9 install\u00e9 en Bretagne \u00e0 Dinan et Saint Malo.","breadcrumb":{"@id":"https:\/\/itoha.com\/blog\/conges-du-22-janvier-au-14-fevrier\/#breadcrumb"},"inLanguage":"fr-FR","potentialAction":[{"@type":"ReadAction","target":["https:\/\/itoha.com\/blog\/conges-du-22-janvier-au-14-fevrier\/"]}]},{"@type":"BreadcrumbList","@id":"https:\/\/itoha.com\/blog\/conges-du-22-janvier-au-14-fevrier\/#breadcrumb","itemListElement":[{"@type":"ListItem","position":1,"name":"Accueil","item":"https:\/\/itoha.com\/blog\/"},{"@type":"ListItem","position":2,"name":"Cong\u00e9s du 22 janvier au 14 f\u00e9vrier"}]},{"@type":"Person","@id":"https:\/\/itoha.com\/blog\/#\/schema\/person\/b03a62d304311753aaf301564868bae6","name":"Dominique Jacoby","image":{"@type":"ImageObject","@id":"https:\/\/itoha.com\/blog\/#personlogo","inLanguage":"fr-FR","url":"https:\/\/secure.gravatar.com\/avatar\/dcbc09731e4a97a4c9bc7d93c9172000?s=96&d=mm&r=g","contentUrl":"https:\/\/secure.gravatar.com\/avatar\/dcbc09731e4a97a4c9bc7d93c9172000?s=96&d=mm&r=g","caption":"Dominique Jacoby"},"url":"https:\/\/itoha.com\/blog\/author\/itoha\/"}]}},"_links":{"self":[{"href":"https:\/\/itoha.com\/blog\/wp-json\/wp\/v2\/posts\/307"}],"collection":[{"href":"https:\/\/itoha.com\/blog\/wp-json\/wp\/v2\/posts"}],"about":[{"href":"https:\/\/itoha.com\/blog\/wp-json\/wp\/v2\/types\/post"}],"author":[{"embeddable":true,"href":"https:\/\/itoha.com\/blog\/wp-json\/wp\/v2\/users\/2"}],"replies":[{"embeddable":true,"href":"https:\/\/itoha.com\/blog\/wp-json\/wp\/v2\/comments?post=307"}],"version-history":[{"count":1,"href":"https:\/\/itoha.com\/blog\/wp-json\/wp\/v2\/posts\/307\/revisions"}],"predecessor-version":[{"id":308,"href":"https:\/\/itoha.com\/blog\/wp-json\/wp\/v2\/posts\/307\/revisions\/308"}],"wp:attachment":[{"href":"https:\/\/itoha.com\/blog\/wp-json\/wp\/v2\/media?parent=307"}],"wp:term":[{"taxonomy":"category","embeddable":true,"href":"https:\/\/itoha.com\/blog\/wp-json\/wp\/v2\/categories?post=307"},{"taxonomy":"post_tag","embeddable":true,"href":"https:\/\/itoha.com\/blog\/wp-json\/wp\/v2\/tags?post=307"}],"curies":[{"name":"wp","href":"https:\/\/api.w.org\/{rel}","templated":true}]}}