{"id":287,"date":"2020-12-11T17:06:19","date_gmt":"2020-12-11T16:06:19","guid":{"rendered":"https:\/\/itoha.com\/blog\/?p=287"},"modified":"2020-12-11T17:06:20","modified_gmt":"2020-12-11T16:06:20","slug":"nos-horaires-douverture-pour-les-fetes-de-fin-dannee","status":"publish","type":"post","link":"https:\/\/itoha.com\/blog\/nos-horaires-douverture-pour-les-fetes-de-fin-dannee\/","title":{"rendered":"Nos horaires d&rsquo;ouverture pour les f\u00eates de fin d&rsquo;ann\u00e9e."},"content":{"rendered":"\n<p>Pour mieux vous accueillir, \u00e0 partir du 15 D\u00e9cembre, notre magasin atelier de Dinan (port de Dinan), ouvrira ses portes tous les jours de 10h \u00e0 19h <\/p>\n\n\n\n<p>et \u00e0 Saint-Malo notre magasin (intramuros, 3 rue Saint Thomas) ouvrira ses portes tous les jours de 14h \u00e0 19h \u00e9galement.<\/p>\n\n\n\n<p>Vous pouvez commander ou r\u00e9server nos cr\u00e9ations sur itoha.com <\/p>\n\n\n\n<p>Nous vous remercions vivement pour votre fid\u00e9lit\u00e9 et vos messages de sympathie.<\/p>\n\n\n\n<p>Nous vous souhaitons d&rsquo;excellentes f\u00eates de fin d&rsquo;ann\u00e9e. <\/p>\n\n\n\n<p>itoha.com<\/p>\n\n\n\n<p>Tel: 02 96 87 05 92<\/p>\n<!-- AddThis Advanced Settings generic via filter on the_content --><!-- AddThis Share Buttons generic via filter on the_content -->","protected":false},"excerpt":{"rendered":"<p>Pour mieux vous accueillir, \u00e0 partir du 15 D\u00e9cembre, notre magasin atelier de Dinan (port de Dinan), ouvrira ses portes tous les jours de 10h \u00e0 19h et \u00e0 Saint-Malo notre magasin (intramuros, 3 rue Saint Thomas) ouvrira ses portes tous les jours de 14h \u00e0 19h \u00e9galement. Vous pouvez commander ou r\u00e9server nos cr\u00e9ations &hellip; <a href=\"https:\/\/itoha.com\/blog\/nos-horaires-douverture-pour-les-fetes-de-fin-dannee\/\" class=\"more-link\">Continuer la lecture de <span class=\"screen-reader-text\">Nos horaires d&rsquo;ouverture pour les f\u00eates de fin d&rsquo;ann\u00e9e.<\/span><\/a><!-- AddThis Advanced Settings generic via filter on get_the_excerpt --><!-- AddThis Share Buttons generic via filter on get_the_excerpt --><\/p>\n","protected":false},"author":2,"featured_media":0,"comment_status":"open","ping_status":"open","sticky":false,"template":"","format":"standard","meta":{"footnotes":""},"categories":[1],"tags":[],"yoast_head":"<!-- This site is optimized with the Yoast SEO plugin v17.5 - https:\/\/yoast.com\/wordpress\/plugins\/seo\/ -->\n<title>Nos horaires d&#039;ouverture pour les f\u00eates de fin d&#039;ann\u00e9e. - Itoha \u2013 Cr\u00e9ateur de v\u00eatements en polaire de qualit\u00e9 en Bretagne.<\/title>\n<meta name=\"robots\" content=\"index, follow, max-snippet:-1, max-image-preview:large, max-video-preview:-1\" \/>\n<link rel=\"canonical\" href=\"https:\/\/itoha.com\/blog\/nos-horaires-douverture-pour-les-fetes-de-fin-dannee\/\" \/>\n<meta property=\"og:locale\" content=\"fr_FR\" \/>\n<meta property=\"og:type\" content=\"article\" \/>\n<meta property=\"og:title\" content=\"Nos horaires d&#039;ouverture pour les f\u00eates de fin d&#039;ann\u00e9e. - Itoha \u2013 Cr\u00e9ateur de v\u00eatements en polaire de qualit\u00e9 en Bretagne.\" \/>\n<meta property=\"og:description\" content=\"Pour mieux vous accueillir, \u00e0 partir du 15 D\u00e9cembre, notre magasin atelier de Dinan (port de Dinan), ouvrira ses portes tous les jours de 10h \u00e0 19h et \u00e0 Saint-Malo notre magasin (intramuros, 3 rue Saint Thomas) ouvrira ses portes tous les jours de 14h \u00e0 19h \u00e9galement. Vous pouvez commander ou r\u00e9server nos cr\u00e9ations &hellip; Continuer la lecture de Nos horaires d&rsquo;ouverture pour les f\u00eates de fin d&rsquo;ann\u00e9e.\" \/>\n<meta property=\"og:url\" content=\"https:\/\/itoha.com\/blog\/nos-horaires-douverture-pour-les-fetes-de-fin-dannee\/\" \/>\n<meta property=\"og:site_name\" content=\"Itoha \u2013 Cr\u00e9ateur de v\u00eatements en polaire de qualit\u00e9 en Bretagne.\" \/>\n<meta property=\"article:published_time\" content=\"2020-12-11T16:06:19+00:00\" \/>\n<meta property=\"article:modified_time\" content=\"2020-12-11T16:06:20+00:00\" \/>\n<meta name=\"twitter:card\" content=\"summary\" \/>\n<meta name=\"twitter:label1\" content=\"\u00c9crit par\" \/>\n\t<meta name=\"twitter:data1\" content=\"Dominique Jacoby\" \/>\n<script type=\"application\/ld+json\" class=\"yoast-schema-graph\">{\"@context\":\"https:\/\/schema.org\",\"@graph\":[{\"@type\":\"WebSite\",\"@id\":\"https:\/\/itoha.com\/blog\/#website\",\"url\":\"https:\/\/itoha.com\/blog\/\",\"name\":\"Itoha \\u2013 Cr\\u00e9ateur de v\\u00eatements en polaire de qualit\\u00e9 en Bretagne.\",\"description\":\"Retrouvez toutes les actualit\\u00e9s du Magasin Itoha.\",\"potentialAction\":[{\"@type\":\"SearchAction\",\"target\":{\"@type\":\"EntryPoint\",\"urlTemplate\":\"https:\/\/itoha.com\/blog\/?s={search_term_string}\"},\"query-input\":\"required name=search_term_string\"}],\"inLanguage\":\"fr-FR\"},{\"@type\":\"WebPage\",\"@id\":\"https:\/\/itoha.com\/blog\/nos-horaires-douverture-pour-les-fetes-de-fin-dannee\/#webpage\",\"url\":\"https:\/\/itoha.com\/blog\/nos-horaires-douverture-pour-les-fetes-de-fin-dannee\/\",\"name\":\"Nos horaires d'ouverture pour les f\\u00eates de fin d'ann\\u00e9e. - Itoha \\u2013 Cr\\u00e9ateur de v\\u00eatements en polaire de qualit\\u00e9 en Bretagne.\",\"isPartOf\":{\"@id\":\"https:\/\/itoha.com\/blog\/#website\"},\"datePublished\":\"2020-12-11T16:06:19+00:00\",\"dateModified\":\"2020-12-11T16:06:20+00:00\",\"author\":{\"@id\":\"https:\/\/itoha.com\/blog\/#\/schema\/person\/b03a62d304311753aaf301564868bae6\"},\"breadcrumb\":{\"@id\":\"https:\/\/itoha.com\/blog\/nos-horaires-douverture-pour-les-fetes-de-fin-dannee\/#breadcrumb\"},\"inLanguage\":\"fr-FR\",\"potentialAction\":[{\"@type\":\"ReadAction\",\"target\":[\"https:\/\/itoha.com\/blog\/nos-horaires-douverture-pour-les-fetes-de-fin-dannee\/\"]}]},{\"@type\":\"BreadcrumbList\",\"@id\":\"https:\/\/itoha.com\/blog\/nos-horaires-douverture-pour-les-fetes-de-fin-dannee\/#breadcrumb\",\"itemListElement\":[{\"@type\":\"ListItem\",\"position\":1,\"name\":\"Accueil\",\"item\":\"https:\/\/itoha.com\/blog\/\"},{\"@type\":\"ListItem\",\"position\":2,\"name\":\"Nos horaires d&#8217;ouverture pour les f\\u00eates de fin d&#8217;ann\\u00e9e.\"}]},{\"@type\":\"Person\",\"@id\":\"https:\/\/itoha.com\/blog\/#\/schema\/person\/b03a62d304311753aaf301564868bae6\",\"name\":\"Dominique Jacoby\",\"image\":{\"@type\":\"ImageObject\",\"@id\":\"https:\/\/itoha.com\/blog\/#personlogo\",\"inLanguage\":\"fr-FR\",\"url\":\"https:\/\/secure.gravatar.com\/avatar\/dcbc09731e4a97a4c9bc7d93c9172000?s=96&d=mm&r=g\",\"contentUrl\":\"https:\/\/secure.gravatar.com\/avatar\/dcbc09731e4a97a4c9bc7d93c9172000?s=96&d=mm&r=g\",\"caption\":\"Dominique Jacoby\"},\"url\":\"https:\/\/itoha.com\/blog\/author\/itoha\/\"}]}<\/script>\n<!-- \/ Yoast SEO plugin. -->","yoast_head_json":{"title":"Nos horaires d'ouverture pour les f\u00eates de fin d'ann\u00e9e. - Itoha \u2013 Cr\u00e9ateur de v\u00eatements en polaire de qualit\u00e9 en Bretagne.","robots":{"index":"index","follow":"follow","max-snippet":"max-snippet:-1","max-image-preview":"max-image-preview:large","max-video-preview":"max-video-preview:-1"},"canonical":"https:\/\/itoha.com\/blog\/nos-horaires-douverture-pour-les-fetes-de-fin-dannee\/","og_locale":"fr_FR","og_type":"article","og_title":"Nos horaires d'ouverture pour les f\u00eates de fin d'ann\u00e9e. - Itoha \u2013 Cr\u00e9ateur de v\u00eatements en polaire de qualit\u00e9 en Bretagne.","og_description":"Pour mieux vous accueillir, \u00e0 partir du 15 D\u00e9cembre, notre magasin atelier de Dinan (port de Dinan), ouvrira ses portes tous les jours de 10h \u00e0 19h et \u00e0 Saint-Malo notre magasin (intramuros, 3 rue Saint Thomas) ouvrira ses portes tous les jours de 14h \u00e0 19h \u00e9galement. Vous pouvez commander ou r\u00e9server nos cr\u00e9ations &hellip; Continuer la lecture de Nos horaires d&rsquo;ouverture pour les f\u00eates de fin d&rsquo;ann\u00e9e.","og_url":"https:\/\/itoha.com\/blog\/nos-horaires-douverture-pour-les-fetes-de-fin-dannee\/","og_site_name":"Itoha \u2013 Cr\u00e9ateur de v\u00eatements en polaire de qualit\u00e9 en Bretagne.","article_published_time":"2020-12-11T16:06:19+00:00","article_modified_time":"2020-12-11T16:06:20+00:00","twitter_card":"summary","twitter_misc":{"\u00c9crit par":"Dominique Jacoby"},"schema":{"@context":"https:\/\/schema.org","@graph":[{"@type":"WebSite","@id":"https:\/\/itoha.com\/blog\/#website","url":"https:\/\/itoha.com\/blog\/","name":"Itoha \u2013 Cr\u00e9ateur de v\u00eatements en polaire de qualit\u00e9 en Bretagne.","description":"Retrouvez toutes les actualit\u00e9s du Magasin Itoha.","potentialAction":[{"@type":"SearchAction","target":{"@type":"EntryPoint","urlTemplate":"https:\/\/itoha.com\/blog\/?s={search_term_string}"},"query-input":"required name=search_term_string"}],"inLanguage":"fr-FR"},{"@type":"WebPage","@id":"https:\/\/itoha.com\/blog\/nos-horaires-douverture-pour-les-fetes-de-fin-dannee\/#webpage","url":"https:\/\/itoha.com\/blog\/nos-horaires-douverture-pour-les-fetes-de-fin-dannee\/","name":"Nos horaires d'ouverture pour les f\u00eates de fin d'ann\u00e9e. - Itoha \u2013 Cr\u00e9ateur de v\u00eatements en polaire de qualit\u00e9 en Bretagne.","isPartOf":{"@id":"https:\/\/itoha.com\/blog\/#website"},"datePublished":"2020-12-11T16:06:19+00:00","dateModified":"2020-12-11T16:06:20+00:00","author":{"@id":"https:\/\/itoha.com\/blog\/#\/schema\/person\/b03a62d304311753aaf301564868bae6"},"breadcrumb":{"@id":"https:\/\/itoha.com\/blog\/nos-horaires-douverture-pour-les-fetes-de-fin-dannee\/#breadcrumb"},"inLanguage":"fr-FR","potentialAction":[{"@type":"ReadAction","target":["https:\/\/itoha.com\/blog\/nos-horaires-douverture-pour-les-fetes-de-fin-dannee\/"]}]},{"@type":"BreadcrumbList","@id":"https:\/\/itoha.com\/blog\/nos-horaires-douverture-pour-les-fetes-de-fin-dannee\/#breadcrumb","itemListElement":[{"@type":"ListItem","position":1,"name":"Accueil","item":"https:\/\/itoha.com\/blog\/"},{"@type":"ListItem","position":2,"name":"Nos horaires d&#8217;ouverture pour les f\u00eates de fin d&#8217;ann\u00e9e."}]},{"@type":"Person","@id":"https:\/\/itoha.com\/blog\/#\/schema\/person\/b03a62d304311753aaf301564868bae6","name":"Dominique Jacoby","image":{"@type":"ImageObject","@id":"https:\/\/itoha.com\/blog\/#personlogo","inLanguage":"fr-FR","url":"https:\/\/secure.gravatar.com\/avatar\/dcbc09731e4a97a4c9bc7d93c9172000?s=96&d=mm&r=g","contentUrl":"https:\/\/secure.gravatar.com\/avatar\/dcbc09731e4a97a4c9bc7d93c9172000?s=96&d=mm&r=g","caption":"Dominique Jacoby"},"url":"https:\/\/itoha.com\/blog\/author\/itoha\/"}]}},"_links":{"self":[{"href":"https:\/\/itoha.com\/blog\/wp-json\/wp\/v2\/posts\/287"}],"collection":[{"href":"https:\/\/itoha.com\/blog\/wp-json\/wp\/v2\/posts"}],"about":[{"href":"https:\/\/itoha.com\/blog\/wp-json\/wp\/v2\/types\/post"}],"author":[{"embeddable":true,"href":"https:\/\/itoha.com\/blog\/wp-json\/wp\/v2\/users\/2"}],"replies":[{"embeddable":true,"href":"https:\/\/itoha.com\/blog\/wp-json\/wp\/v2\/comments?post=287"}],"version-history":[{"count":1,"href":"https:\/\/itoha.com\/blog\/wp-json\/wp\/v2\/posts\/287\/revisions"}],"predecessor-version":[{"id":288,"href":"https:\/\/itoha.com\/blog\/wp-json\/wp\/v2\/posts\/287\/revisions\/288"}],"wp:attachment":[{"href":"https:\/\/itoha.com\/blog\/wp-json\/wp\/v2\/media?parent=287"}],"wp:term":[{"taxonomy":"category","embeddable":true,"href":"https:\/\/itoha.com\/blog\/wp-json\/wp\/v2\/categories?post=287"},{"taxonomy":"post_tag","embeddable":true,"href":"https:\/\/itoha.com\/blog\/wp-json\/wp\/v2\/tags?post=287"}],"curies":[{"name":"wp","href":"https:\/\/api.w.org\/{rel}","templated":true}]}}