{"id":276,"date":"2020-01-24T17:08:11","date_gmt":"2020-01-24T16:08:11","guid":{"rendered":"https:\/\/itoha.com\/blog\/?p=276"},"modified":"2020-01-24T17:08:12","modified_gmt":"2020-01-24T16:08:12","slug":"notre-atelier-itoha-sera-ferme-pour-travaux-et-conges-du-27-janvier-au-24-fevrier","status":"publish","type":"post","link":"https:\/\/itoha.com\/blog\/notre-atelier-itoha-sera-ferme-pour-travaux-et-conges-du-27-janvier-au-24-fevrier\/","title":{"rendered":"Notre atelier itoha sera ferm\u00e9 pour travaux et cong\u00e9s du 27 janvier au 24 f\u00e9vrier"},"content":{"rendered":"\n<p>Notre atelier Itoha sera ferm\u00e9 pour travaux et cong\u00e9s du 27 Janvier au  24 f\u00e9vrier 2020.<\/p>\n\n\n\n<p>C&rsquo;est avec plaisir que toute l&rsquo;\u00e9quipe Itoha vous accueille \u00e0 partir du 25 f\u00e9vrier.<\/p>\n<!-- AddThis Advanced Settings generic via filter on the_content --><!-- AddThis Share Buttons generic via filter on the_content -->","protected":false},"excerpt":{"rendered":"<p>Notre atelier Itoha sera ferm\u00e9 pour travaux et cong\u00e9s du 27 Janvier au 24 f\u00e9vrier 2020. C&rsquo;est avec plaisir que toute l&rsquo;\u00e9quipe Itoha vous accueille \u00e0 partir du 25 f\u00e9vrier.<!-- AddThis Advanced Settings generic via filter on get_the_excerpt --><!-- AddThis Share Buttons generic via filter on get_the_excerpt --><\/p>\n","protected":false},"author":2,"featured_media":0,"comment_status":"open","ping_status":"open","sticky":false,"template":"","format":"standard","meta":{"footnotes":""},"categories":[1],"tags":[],"yoast_head":"<!-- This site is optimized with the Yoast SEO plugin v17.5 - https:\/\/yoast.com\/wordpress\/plugins\/seo\/ -->\n<title>Notre atelier itoha sera ferm\u00e9 pour travaux et cong\u00e9s du 27 janvier au 24 f\u00e9vrier - Itoha \u2013 Cr\u00e9ateur de v\u00eatements en polaire de qualit\u00e9 en Bretagne.<\/title>\n<meta name=\"robots\" content=\"index, follow, max-snippet:-1, max-image-preview:large, max-video-preview:-1\" \/>\n<link rel=\"canonical\" href=\"https:\/\/itoha.com\/blog\/notre-atelier-itoha-sera-ferme-pour-travaux-et-conges-du-27-janvier-au-24-fevrier\/\" \/>\n<meta property=\"og:locale\" content=\"fr_FR\" \/>\n<meta property=\"og:type\" content=\"article\" \/>\n<meta property=\"og:title\" content=\"Notre atelier itoha sera ferm\u00e9 pour travaux et cong\u00e9s du 27 janvier au 24 f\u00e9vrier - Itoha \u2013 Cr\u00e9ateur de v\u00eatements en polaire de qualit\u00e9 en Bretagne.\" \/>\n<meta property=\"og:description\" content=\"Notre atelier Itoha sera ferm\u00e9 pour travaux et cong\u00e9s du 27 Janvier au 24 f\u00e9vrier 2020. C&rsquo;est avec plaisir que toute l&rsquo;\u00e9quipe Itoha vous accueille \u00e0 partir du 25 f\u00e9vrier.\" \/>\n<meta property=\"og:url\" content=\"https:\/\/itoha.com\/blog\/notre-atelier-itoha-sera-ferme-pour-travaux-et-conges-du-27-janvier-au-24-fevrier\/\" \/>\n<meta property=\"og:site_name\" content=\"Itoha \u2013 Cr\u00e9ateur de v\u00eatements en polaire de qualit\u00e9 en Bretagne.\" \/>\n<meta property=\"article:published_time\" content=\"2020-01-24T16:08:11+00:00\" \/>\n<meta property=\"article:modified_time\" content=\"2020-01-24T16:08:12+00:00\" \/>\n<meta name=\"twitter:card\" content=\"summary\" \/>\n<meta name=\"twitter:label1\" content=\"\u00c9crit par\" \/>\n\t<meta name=\"twitter:data1\" content=\"Dominique Jacoby\" \/>\n<script type=\"application\/ld+json\" class=\"yoast-schema-graph\">{\"@context\":\"https:\/\/schema.org\",\"@graph\":[{\"@type\":\"WebSite\",\"@id\":\"https:\/\/itoha.com\/blog\/#website\",\"url\":\"https:\/\/itoha.com\/blog\/\",\"name\":\"Itoha \\u2013 Cr\\u00e9ateur de v\\u00eatements en polaire de qualit\\u00e9 en Bretagne.\",\"description\":\"Retrouvez toutes les actualit\\u00e9s du Magasin Itoha.\",\"potentialAction\":[{\"@type\":\"SearchAction\",\"target\":{\"@type\":\"EntryPoint\",\"urlTemplate\":\"https:\/\/itoha.com\/blog\/?s={search_term_string}\"},\"query-input\":\"required name=search_term_string\"}],\"inLanguage\":\"fr-FR\"},{\"@type\":\"WebPage\",\"@id\":\"https:\/\/itoha.com\/blog\/notre-atelier-itoha-sera-ferme-pour-travaux-et-conges-du-27-janvier-au-24-fevrier\/#webpage\",\"url\":\"https:\/\/itoha.com\/blog\/notre-atelier-itoha-sera-ferme-pour-travaux-et-conges-du-27-janvier-au-24-fevrier\/\",\"name\":\"Notre atelier itoha sera ferm\\u00e9 pour travaux et cong\\u00e9s du 27 janvier au 24 f\\u00e9vrier - Itoha \\u2013 Cr\\u00e9ateur de v\\u00eatements en polaire de qualit\\u00e9 en Bretagne.\",\"isPartOf\":{\"@id\":\"https:\/\/itoha.com\/blog\/#website\"},\"datePublished\":\"2020-01-24T16:08:11+00:00\",\"dateModified\":\"2020-01-24T16:08:12+00:00\",\"author\":{\"@id\":\"https:\/\/itoha.com\/blog\/#\/schema\/person\/b03a62d304311753aaf301564868bae6\"},\"breadcrumb\":{\"@id\":\"https:\/\/itoha.com\/blog\/notre-atelier-itoha-sera-ferme-pour-travaux-et-conges-du-27-janvier-au-24-fevrier\/#breadcrumb\"},\"inLanguage\":\"fr-FR\",\"potentialAction\":[{\"@type\":\"ReadAction\",\"target\":[\"https:\/\/itoha.com\/blog\/notre-atelier-itoha-sera-ferme-pour-travaux-et-conges-du-27-janvier-au-24-fevrier\/\"]}]},{\"@type\":\"BreadcrumbList\",\"@id\":\"https:\/\/itoha.com\/blog\/notre-atelier-itoha-sera-ferme-pour-travaux-et-conges-du-27-janvier-au-24-fevrier\/#breadcrumb\",\"itemListElement\":[{\"@type\":\"ListItem\",\"position\":1,\"name\":\"Accueil\",\"item\":\"https:\/\/itoha.com\/blog\/\"},{\"@type\":\"ListItem\",\"position\":2,\"name\":\"Notre atelier itoha sera ferm\\u00e9 pour travaux et cong\\u00e9s du 27 janvier au 24 f\\u00e9vrier\"}]},{\"@type\":\"Person\",\"@id\":\"https:\/\/itoha.com\/blog\/#\/schema\/person\/b03a62d304311753aaf301564868bae6\",\"name\":\"Dominique Jacoby\",\"image\":{\"@type\":\"ImageObject\",\"@id\":\"https:\/\/itoha.com\/blog\/#personlogo\",\"inLanguage\":\"fr-FR\",\"url\":\"https:\/\/secure.gravatar.com\/avatar\/dcbc09731e4a97a4c9bc7d93c9172000?s=96&d=mm&r=g\",\"contentUrl\":\"https:\/\/secure.gravatar.com\/avatar\/dcbc09731e4a97a4c9bc7d93c9172000?s=96&d=mm&r=g\",\"caption\":\"Dominique Jacoby\"},\"url\":\"https:\/\/itoha.com\/blog\/author\/itoha\/\"}]}<\/script>\n<!-- \/ Yoast SEO plugin. -->","yoast_head_json":{"title":"Notre atelier itoha sera ferm\u00e9 pour travaux et cong\u00e9s du 27 janvier au 24 f\u00e9vrier - Itoha \u2013 Cr\u00e9ateur de v\u00eatements en polaire de qualit\u00e9 en Bretagne.","robots":{"index":"index","follow":"follow","max-snippet":"max-snippet:-1","max-image-preview":"max-image-preview:large","max-video-preview":"max-video-preview:-1"},"canonical":"https:\/\/itoha.com\/blog\/notre-atelier-itoha-sera-ferme-pour-travaux-et-conges-du-27-janvier-au-24-fevrier\/","og_locale":"fr_FR","og_type":"article","og_title":"Notre atelier itoha sera ferm\u00e9 pour travaux et cong\u00e9s du 27 janvier au 24 f\u00e9vrier - Itoha \u2013 Cr\u00e9ateur de v\u00eatements en polaire de qualit\u00e9 en Bretagne.","og_description":"Notre atelier Itoha sera ferm\u00e9 pour travaux et cong\u00e9s du 27 Janvier au 24 f\u00e9vrier 2020. C&rsquo;est avec plaisir que toute l&rsquo;\u00e9quipe Itoha vous accueille \u00e0 partir du 25 f\u00e9vrier.","og_url":"https:\/\/itoha.com\/blog\/notre-atelier-itoha-sera-ferme-pour-travaux-et-conges-du-27-janvier-au-24-fevrier\/","og_site_name":"Itoha \u2013 Cr\u00e9ateur de v\u00eatements en polaire de qualit\u00e9 en Bretagne.","article_published_time":"2020-01-24T16:08:11+00:00","article_modified_time":"2020-01-24T16:08:12+00:00","twitter_card":"summary","twitter_misc":{"\u00c9crit par":"Dominique Jacoby"},"schema":{"@context":"https:\/\/schema.org","@graph":[{"@type":"WebSite","@id":"https:\/\/itoha.com\/blog\/#website","url":"https:\/\/itoha.com\/blog\/","name":"Itoha \u2013 Cr\u00e9ateur de v\u00eatements en polaire de qualit\u00e9 en Bretagne.","description":"Retrouvez toutes les actualit\u00e9s du Magasin Itoha.","potentialAction":[{"@type":"SearchAction","target":{"@type":"EntryPoint","urlTemplate":"https:\/\/itoha.com\/blog\/?s={search_term_string}"},"query-input":"required name=search_term_string"}],"inLanguage":"fr-FR"},{"@type":"WebPage","@id":"https:\/\/itoha.com\/blog\/notre-atelier-itoha-sera-ferme-pour-travaux-et-conges-du-27-janvier-au-24-fevrier\/#webpage","url":"https:\/\/itoha.com\/blog\/notre-atelier-itoha-sera-ferme-pour-travaux-et-conges-du-27-janvier-au-24-fevrier\/","name":"Notre atelier itoha sera ferm\u00e9 pour travaux et cong\u00e9s du 27 janvier au 24 f\u00e9vrier - Itoha \u2013 Cr\u00e9ateur de v\u00eatements en polaire de qualit\u00e9 en Bretagne.","isPartOf":{"@id":"https:\/\/itoha.com\/blog\/#website"},"datePublished":"2020-01-24T16:08:11+00:00","dateModified":"2020-01-24T16:08:12+00:00","author":{"@id":"https:\/\/itoha.com\/blog\/#\/schema\/person\/b03a62d304311753aaf301564868bae6"},"breadcrumb":{"@id":"https:\/\/itoha.com\/blog\/notre-atelier-itoha-sera-ferme-pour-travaux-et-conges-du-27-janvier-au-24-fevrier\/#breadcrumb"},"inLanguage":"fr-FR","potentialAction":[{"@type":"ReadAction","target":["https:\/\/itoha.com\/blog\/notre-atelier-itoha-sera-ferme-pour-travaux-et-conges-du-27-janvier-au-24-fevrier\/"]}]},{"@type":"BreadcrumbList","@id":"https:\/\/itoha.com\/blog\/notre-atelier-itoha-sera-ferme-pour-travaux-et-conges-du-27-janvier-au-24-fevrier\/#breadcrumb","itemListElement":[{"@type":"ListItem","position":1,"name":"Accueil","item":"https:\/\/itoha.com\/blog\/"},{"@type":"ListItem","position":2,"name":"Notre atelier itoha sera ferm\u00e9 pour travaux et cong\u00e9s du 27 janvier au 24 f\u00e9vrier"}]},{"@type":"Person","@id":"https:\/\/itoha.com\/blog\/#\/schema\/person\/b03a62d304311753aaf301564868bae6","name":"Dominique Jacoby","image":{"@type":"ImageObject","@id":"https:\/\/itoha.com\/blog\/#personlogo","inLanguage":"fr-FR","url":"https:\/\/secure.gravatar.com\/avatar\/dcbc09731e4a97a4c9bc7d93c9172000?s=96&d=mm&r=g","contentUrl":"https:\/\/secure.gravatar.com\/avatar\/dcbc09731e4a97a4c9bc7d93c9172000?s=96&d=mm&r=g","caption":"Dominique Jacoby"},"url":"https:\/\/itoha.com\/blog\/author\/itoha\/"}]}},"_links":{"self":[{"href":"https:\/\/itoha.com\/blog\/wp-json\/wp\/v2\/posts\/276"}],"collection":[{"href":"https:\/\/itoha.com\/blog\/wp-json\/wp\/v2\/posts"}],"about":[{"href":"https:\/\/itoha.com\/blog\/wp-json\/wp\/v2\/types\/post"}],"author":[{"embeddable":true,"href":"https:\/\/itoha.com\/blog\/wp-json\/wp\/v2\/users\/2"}],"replies":[{"embeddable":true,"href":"https:\/\/itoha.com\/blog\/wp-json\/wp\/v2\/comments?post=276"}],"version-history":[{"count":1,"href":"https:\/\/itoha.com\/blog\/wp-json\/wp\/v2\/posts\/276\/revisions"}],"predecessor-version":[{"id":277,"href":"https:\/\/itoha.com\/blog\/wp-json\/wp\/v2\/posts\/276\/revisions\/277"}],"wp:attachment":[{"href":"https:\/\/itoha.com\/blog\/wp-json\/wp\/v2\/media?parent=276"}],"wp:term":[{"taxonomy":"category","embeddable":true,"href":"https:\/\/itoha.com\/blog\/wp-json\/wp\/v2\/categories?post=276"},{"taxonomy":"post_tag","embeddable":true,"href":"https:\/\/itoha.com\/blog\/wp-json\/wp\/v2\/tags?post=276"}],"curies":[{"name":"wp","href":"https:\/\/api.w.org\/{rel}","templated":true}]}}