{"id":214,"date":"2017-03-29T15:32:10","date_gmt":"2017-03-29T14:32:10","guid":{"rendered":"http:\/\/itoha.com\/blog\/?p=214"},"modified":"2017-03-29T15:32:10","modified_gmt":"2017-03-29T14:32:10","slug":"itoha-distingue-pendant-la-semaine-nationale-de-lartisanat","status":"publish","type":"post","link":"https:\/\/itoha.com\/blog\/itoha-distingue-pendant-la-semaine-nationale-de-lartisanat\/","title":{"rendered":"Itoha distingu\u00e9 pendant la semaine nationale de l&rsquo;Artisanat"},"content":{"rendered":"<p>A l&rsquo;occasion de la semaine nationale de l&rsquo;artisanat, ITOHA a \u00e9t\u00e9\u00a0 distingu\u00e9 pour ses 23 ann\u00e9es de passions partag\u00e9es.<a href=\"http:\/\/itoha.com\/blog\/wp-content\/uploads\/2017\/03\/DSCN5740-4.jpg\"><img loading=\"lazy\" decoding=\"async\" class=\"alignnone size-medium wp-image-215\" src=\"http:\/\/itoha.com\/blog\/wp-content\/uploads\/2017\/03\/DSCN5740-4-300x204.jpg\" alt=\"DSCN5740 4\" width=\"300\" height=\"204\" srcset=\"https:\/\/itoha.com\/blog\/wp-content\/uploads\/2017\/03\/DSCN5740-4-300x204.jpg 300w, https:\/\/itoha.com\/blog\/wp-content\/uploads\/2017\/03\/DSCN5740-4.jpg 634w\" sizes=\"(max-width: 300px) 100vw, 300px\" \/><\/a><a href=\"http:\/\/itoha.com\/blog\/wp-content\/uploads\/2017\/03\/FNPCA_SNA_Facebook_Banniere.jpg\"><img loading=\"lazy\" decoding=\"async\" class=\"alignnone size-medium wp-image-216\" src=\"http:\/\/itoha.com\/blog\/wp-content\/uploads\/2017\/03\/FNPCA_SNA_Facebook_Banniere-300x111.jpg\" alt=\"FNPCA_SNA_Facebook_Banniere\" width=\"300\" height=\"111\" srcset=\"https:\/\/itoha.com\/blog\/wp-content\/uploads\/2017\/03\/FNPCA_SNA_Facebook_Banniere-300x111.jpg 300w, https:\/\/itoha.com\/blog\/wp-content\/uploads\/2017\/03\/FNPCA_SNA_Facebook_Banniere-1024x379.jpg 1024w, https:\/\/itoha.com\/blog\/wp-content\/uploads\/2017\/03\/FNPCA_SNA_Facebook_Banniere.jpg 1773w\" sizes=\"(max-width: 300px) 100vw, 300px\" \/><\/a><\/p>\n<!-- AddThis Advanced Settings generic via filter on the_content --><!-- AddThis Share Buttons generic via filter on the_content -->","protected":false},"excerpt":{"rendered":"<p>A l&rsquo;occasion de la semaine nationale de l&rsquo;artisanat, ITOHA a \u00e9t\u00e9\u00a0 distingu\u00e9 pour ses 23 ann\u00e9es de passions partag\u00e9es.<!-- AddThis Advanced Settings generic via filter on get_the_excerpt --><!-- AddThis Share Buttons generic via filter on get_the_excerpt --><\/p>\n","protected":false},"author":2,"featured_media":0,"comment_status":"open","ping_status":"open","sticky":false,"template":"","format":"standard","meta":{"footnotes":""},"categories":[1],"tags":[],"yoast_head":"<!-- This site is optimized with the Yoast SEO plugin v17.5 - https:\/\/yoast.com\/wordpress\/plugins\/seo\/ -->\n<title>itoha cr\u00e9ateur fabricant 23 ann\u00e9es de passion partag\u00e9es<\/title>\n<meta name=\"description\" content=\"made in france: itoha cr\u00e9ateur fabricant breton distingu\u00e9 pendant la semaine nationale de l&#039;artisanat\" \/>\n<meta name=\"robots\" content=\"index, follow, max-snippet:-1, max-image-preview:large, max-video-preview:-1\" \/>\n<link rel=\"canonical\" href=\"https:\/\/itoha.com\/blog\/itoha-distingue-pendant-la-semaine-nationale-de-lartisanat\/\" \/>\n<meta property=\"og:locale\" content=\"fr_FR\" \/>\n<meta property=\"og:type\" content=\"article\" \/>\n<meta property=\"og:title\" content=\"itoha cr\u00e9ateur fabricant 23 ann\u00e9es de passion partag\u00e9es\" \/>\n<meta property=\"og:description\" content=\"made in france: itoha cr\u00e9ateur fabricant breton distingu\u00e9 pendant la semaine nationale de l&#039;artisanat\" \/>\n<meta property=\"og:url\" content=\"https:\/\/itoha.com\/blog\/itoha-distingue-pendant-la-semaine-nationale-de-lartisanat\/\" \/>\n<meta property=\"og:site_name\" content=\"Itoha \u2013 Cr\u00e9ateur de v\u00eatements en polaire de qualit\u00e9 en Bretagne.\" \/>\n<meta property=\"article:published_time\" content=\"2017-03-29T14:32:10+00:00\" \/>\n<meta property=\"og:image\" content=\"http:\/\/itoha.com\/blog\/wp-content\/uploads\/2017\/03\/DSCN5740-4-300x204.jpg\" \/>\n<meta name=\"twitter:card\" content=\"summary\" \/>\n<meta name=\"twitter:label1\" content=\"\u00c9crit par\" \/>\n\t<meta name=\"twitter:data1\" content=\"Dominique Jacoby\" \/>\n<script type=\"application\/ld+json\" class=\"yoast-schema-graph\">{\"@context\":\"https:\/\/schema.org\",\"@graph\":[{\"@type\":\"WebSite\",\"@id\":\"https:\/\/itoha.com\/blog\/#website\",\"url\":\"https:\/\/itoha.com\/blog\/\",\"name\":\"Itoha \\u2013 Cr\\u00e9ateur de v\\u00eatements en polaire de qualit\\u00e9 en Bretagne.\",\"description\":\"Retrouvez toutes les actualit\\u00e9s du Magasin Itoha.\",\"potentialAction\":[{\"@type\":\"SearchAction\",\"target\":{\"@type\":\"EntryPoint\",\"urlTemplate\":\"https:\/\/itoha.com\/blog\/?s={search_term_string}\"},\"query-input\":\"required name=search_term_string\"}],\"inLanguage\":\"fr-FR\"},{\"@type\":\"ImageObject\",\"@id\":\"https:\/\/itoha.com\/blog\/itoha-distingue-pendant-la-semaine-nationale-de-lartisanat\/#primaryimage\",\"inLanguage\":\"fr-FR\",\"url\":\"http:\/\/itoha.com\/blog\/wp-content\/uploads\/2017\/03\/DSCN5740-4-300x204.jpg\",\"contentUrl\":\"http:\/\/itoha.com\/blog\/wp-content\/uploads\/2017\/03\/DSCN5740-4-300x204.jpg\"},{\"@type\":\"WebPage\",\"@id\":\"https:\/\/itoha.com\/blog\/itoha-distingue-pendant-la-semaine-nationale-de-lartisanat\/#webpage\",\"url\":\"https:\/\/itoha.com\/blog\/itoha-distingue-pendant-la-semaine-nationale-de-lartisanat\/\",\"name\":\"itoha cr\\u00e9ateur fabricant 23 ann\\u00e9es de passion partag\\u00e9es\",\"isPartOf\":{\"@id\":\"https:\/\/itoha.com\/blog\/#website\"},\"primaryImageOfPage\":{\"@id\":\"https:\/\/itoha.com\/blog\/itoha-distingue-pendant-la-semaine-nationale-de-lartisanat\/#primaryimage\"},\"datePublished\":\"2017-03-29T14:32:10+00:00\",\"dateModified\":\"2017-03-29T14:32:10+00:00\",\"author\":{\"@id\":\"https:\/\/itoha.com\/blog\/#\/schema\/person\/b03a62d304311753aaf301564868bae6\"},\"description\":\"made in france: itoha cr\\u00e9ateur fabricant breton distingu\\u00e9 pendant la semaine nationale de l'artisanat\",\"breadcrumb\":{\"@id\":\"https:\/\/itoha.com\/blog\/itoha-distingue-pendant-la-semaine-nationale-de-lartisanat\/#breadcrumb\"},\"inLanguage\":\"fr-FR\",\"potentialAction\":[{\"@type\":\"ReadAction\",\"target\":[\"https:\/\/itoha.com\/blog\/itoha-distingue-pendant-la-semaine-nationale-de-lartisanat\/\"]}]},{\"@type\":\"BreadcrumbList\",\"@id\":\"https:\/\/itoha.com\/blog\/itoha-distingue-pendant-la-semaine-nationale-de-lartisanat\/#breadcrumb\",\"itemListElement\":[{\"@type\":\"ListItem\",\"position\":1,\"name\":\"Accueil\",\"item\":\"https:\/\/itoha.com\/blog\/\"},{\"@type\":\"ListItem\",\"position\":2,\"name\":\"Itoha distingu\\u00e9 pendant la semaine nationale de l&#8217;Artisanat\"}]},{\"@type\":\"Person\",\"@id\":\"https:\/\/itoha.com\/blog\/#\/schema\/person\/b03a62d304311753aaf301564868bae6\",\"name\":\"Dominique Jacoby\",\"image\":{\"@type\":\"ImageObject\",\"@id\":\"https:\/\/itoha.com\/blog\/#personlogo\",\"inLanguage\":\"fr-FR\",\"url\":\"https:\/\/secure.gravatar.com\/avatar\/dcbc09731e4a97a4c9bc7d93c9172000?s=96&d=mm&r=g\",\"contentUrl\":\"https:\/\/secure.gravatar.com\/avatar\/dcbc09731e4a97a4c9bc7d93c9172000?s=96&d=mm&r=g\",\"caption\":\"Dominique Jacoby\"},\"url\":\"https:\/\/itoha.com\/blog\/author\/itoha\/\"}]}<\/script>\n<!-- \/ Yoast SEO plugin. -->","yoast_head_json":{"title":"itoha cr\u00e9ateur fabricant 23 ann\u00e9es de passion partag\u00e9es","description":"made in france: itoha cr\u00e9ateur fabricant breton distingu\u00e9 pendant la semaine nationale de l'artisanat","robots":{"index":"index","follow":"follow","max-snippet":"max-snippet:-1","max-image-preview":"max-image-preview:large","max-video-preview":"max-video-preview:-1"},"canonical":"https:\/\/itoha.com\/blog\/itoha-distingue-pendant-la-semaine-nationale-de-lartisanat\/","og_locale":"fr_FR","og_type":"article","og_title":"itoha cr\u00e9ateur fabricant 23 ann\u00e9es de passion partag\u00e9es","og_description":"made in france: itoha cr\u00e9ateur fabricant breton distingu\u00e9 pendant la semaine nationale de l'artisanat","og_url":"https:\/\/itoha.com\/blog\/itoha-distingue-pendant-la-semaine-nationale-de-lartisanat\/","og_site_name":"Itoha \u2013 Cr\u00e9ateur de v\u00eatements en polaire de qualit\u00e9 en Bretagne.","article_published_time":"2017-03-29T14:32:10+00:00","og_image":[{"url":"http:\/\/itoha.com\/blog\/wp-content\/uploads\/2017\/03\/DSCN5740-4-300x204.jpg"}],"twitter_card":"summary","twitter_misc":{"\u00c9crit par":"Dominique Jacoby"},"schema":{"@context":"https:\/\/schema.org","@graph":[{"@type":"WebSite","@id":"https:\/\/itoha.com\/blog\/#website","url":"https:\/\/itoha.com\/blog\/","name":"Itoha \u2013 Cr\u00e9ateur de v\u00eatements en polaire de qualit\u00e9 en Bretagne.","description":"Retrouvez toutes les actualit\u00e9s du Magasin Itoha.","potentialAction":[{"@type":"SearchAction","target":{"@type":"EntryPoint","urlTemplate":"https:\/\/itoha.com\/blog\/?s={search_term_string}"},"query-input":"required name=search_term_string"}],"inLanguage":"fr-FR"},{"@type":"ImageObject","@id":"https:\/\/itoha.com\/blog\/itoha-distingue-pendant-la-semaine-nationale-de-lartisanat\/#primaryimage","inLanguage":"fr-FR","url":"http:\/\/itoha.com\/blog\/wp-content\/uploads\/2017\/03\/DSCN5740-4-300x204.jpg","contentUrl":"http:\/\/itoha.com\/blog\/wp-content\/uploads\/2017\/03\/DSCN5740-4-300x204.jpg"},{"@type":"WebPage","@id":"https:\/\/itoha.com\/blog\/itoha-distingue-pendant-la-semaine-nationale-de-lartisanat\/#webpage","url":"https:\/\/itoha.com\/blog\/itoha-distingue-pendant-la-semaine-nationale-de-lartisanat\/","name":"itoha cr\u00e9ateur fabricant 23 ann\u00e9es de passion partag\u00e9es","isPartOf":{"@id":"https:\/\/itoha.com\/blog\/#website"},"primaryImageOfPage":{"@id":"https:\/\/itoha.com\/blog\/itoha-distingue-pendant-la-semaine-nationale-de-lartisanat\/#primaryimage"},"datePublished":"2017-03-29T14:32:10+00:00","dateModified":"2017-03-29T14:32:10+00:00","author":{"@id":"https:\/\/itoha.com\/blog\/#\/schema\/person\/b03a62d304311753aaf301564868bae6"},"description":"made in france: itoha cr\u00e9ateur fabricant breton distingu\u00e9 pendant la semaine nationale de l'artisanat","breadcrumb":{"@id":"https:\/\/itoha.com\/blog\/itoha-distingue-pendant-la-semaine-nationale-de-lartisanat\/#breadcrumb"},"inLanguage":"fr-FR","potentialAction":[{"@type":"ReadAction","target":["https:\/\/itoha.com\/blog\/itoha-distingue-pendant-la-semaine-nationale-de-lartisanat\/"]}]},{"@type":"BreadcrumbList","@id":"https:\/\/itoha.com\/blog\/itoha-distingue-pendant-la-semaine-nationale-de-lartisanat\/#breadcrumb","itemListElement":[{"@type":"ListItem","position":1,"name":"Accueil","item":"https:\/\/itoha.com\/blog\/"},{"@type":"ListItem","position":2,"name":"Itoha distingu\u00e9 pendant la semaine nationale de l&#8217;Artisanat"}]},{"@type":"Person","@id":"https:\/\/itoha.com\/blog\/#\/schema\/person\/b03a62d304311753aaf301564868bae6","name":"Dominique Jacoby","image":{"@type":"ImageObject","@id":"https:\/\/itoha.com\/blog\/#personlogo","inLanguage":"fr-FR","url":"https:\/\/secure.gravatar.com\/avatar\/dcbc09731e4a97a4c9bc7d93c9172000?s=96&d=mm&r=g","contentUrl":"https:\/\/secure.gravatar.com\/avatar\/dcbc09731e4a97a4c9bc7d93c9172000?s=96&d=mm&r=g","caption":"Dominique Jacoby"},"url":"https:\/\/itoha.com\/blog\/author\/itoha\/"}]}},"_links":{"self":[{"href":"https:\/\/itoha.com\/blog\/wp-json\/wp\/v2\/posts\/214"}],"collection":[{"href":"https:\/\/itoha.com\/blog\/wp-json\/wp\/v2\/posts"}],"about":[{"href":"https:\/\/itoha.com\/blog\/wp-json\/wp\/v2\/types\/post"}],"author":[{"embeddable":true,"href":"https:\/\/itoha.com\/blog\/wp-json\/wp\/v2\/users\/2"}],"replies":[{"embeddable":true,"href":"https:\/\/itoha.com\/blog\/wp-json\/wp\/v2\/comments?post=214"}],"version-history":[{"count":1,"href":"https:\/\/itoha.com\/blog\/wp-json\/wp\/v2\/posts\/214\/revisions"}],"predecessor-version":[{"id":217,"href":"https:\/\/itoha.com\/blog\/wp-json\/wp\/v2\/posts\/214\/revisions\/217"}],"wp:attachment":[{"href":"https:\/\/itoha.com\/blog\/wp-json\/wp\/v2\/media?parent=214"}],"wp:term":[{"taxonomy":"category","embeddable":true,"href":"https:\/\/itoha.com\/blog\/wp-json\/wp\/v2\/categories?post=214"},{"taxonomy":"post_tag","embeddable":true,"href":"https:\/\/itoha.com\/blog\/wp-json\/wp\/v2\/tags?post=214"}],"curies":[{"name":"wp","href":"https:\/\/api.w.org\/{rel}","templated":true}]}}